{"id":4342,"date":"2018-02-05T00:15:36","date_gmt":"2018-02-04T23:15:36","guid":{"rendered":"http:\/\/kreftgenomikk.w.uib.no\/?p=4342"},"modified":"2018-02-27T19:59:04","modified_gmt":"2018-02-27T18:59:04","slug":"tarmkreft","status":"publish","type":"post","link":"https:\/\/kreftgenomikk.w.uib.no\/no\/tarmkreft\/","title":{"rendered":"Tarmkreft"},"content":{"rendered":"<p>[et_pb_section admin_label=&raquo;Seksjon&raquo; fullwidth=&raquo;on&raquo; specialty=&raquo;off&raquo;][et_pb_fullwidth_post_title admin_label=&raquo;Fullbreddes innleggstittel&raquo; title=&raquo;on&raquo; meta=&raquo;off&raquo; author=&raquo;on&raquo; date=&raquo;on&raquo; categories=&raquo;on&raquo; comments=&raquo;on&raquo; featured_image=&raquo;on&raquo; featured_placement=&raquo;background&raquo; parallax_effect=&raquo;off&raquo; parallax_method=&raquo;on&raquo; text_orientation=&raquo;right&raquo; text_color=&raquo;light&raquo; text_background=&raquo;on&raquo; text_bg_color=&raquo;rgba(21,150,137,0.9)&raquo; module_bg_color=&raquo;rgba(255,255,255,0)&raquo; title_font=&raquo;|on|||&raquo; title_font_size=&raquo;35px&raquo; title_all_caps=&raquo;off&raquo; use_border_color=&raquo;off&raquo; border_color=&raquo;#ffffff&raquo; border_style=&raquo;solid&raquo; module_id=&raquo;header-image-and-text&raquo;]<\/p>\n<p>&nbsp;<\/p>\n<p>[\/et_pb_fullwidth_post_title][\/et_pb_section][et_pb_section admin_label=&raquo;Seksjon&raquo; fullwidth=&raquo;off&raquo; specialty=&raquo;off&raquo;][et_pb_row admin_label=&raquo;Rad&raquo;][et_pb_column type=&raquo;2_3&#8243;][et_pb_text admin_label=&raquo;Tekst&raquo; background_layout=&raquo;light&raquo; text_orientation=&raquo;left&raquo; use_border_color=&raquo;off&raquo; border_color=&raquo;#ffffff&raquo; border_style=&raquo;solid&raquo;]<\/p>\n<h4>V\u00e5rt andre prosjekt var sekvensering av eksomet i 100 tarmkreftpr\u00f8ver og normalt vev for sammenligning. Disse dataene er n\u00e5 under analyse. Prosjektet er forankret ved Oslo Universitetssykehus.<\/h4>\n<p>[\/et_pb_text][\/et_pb_column][et_pb_column type=&raquo;1_3&#8243;][et_pb_sidebar admin_label=&raquo;Nyhetsarkiv og konferanser&raquo; orientation=&raquo;left&raquo; area=&raquo;primary&raquo; background_layout=&raquo;light&raquo; remove_border=&raquo;off&raquo;] [\/et_pb_sidebar][\/et_pb_column][\/et_pb_row][\/et_pb_section]<\/p>","protected":false},"excerpt":{"rendered":"<p>[et_pb_section admin_label=&raquo;Seksjon&raquo; fullwidth=&raquo;on&raquo; specialty=&raquo;off&raquo;][et_pb_fullwidth_post_title admin_label=&raquo;Fullbreddes innleggstittel&raquo; title=&raquo;on&raquo; meta=&raquo;off&raquo; author=&raquo;on&raquo; date=&raquo;on&raquo;&#46;&#46;&#46;<\/p>\n","protected":false},"author":4078,"featured_media":1350,"comment_status":"closed","ping_status":"closed","sticky":false,"template":"","format":"standard","meta":{"footnotes":""},"categories":[175361],"tags":[],"class_list":["post-4342","post","type-post","status-publish","format-standard","has-post-thumbnail","hentry","category-ncgc-projects"],"_links":{"self":[{"href":"https:\/\/kreftgenomikk.w.uib.no\/no\/wp-json\/wp\/v2\/posts\/4342","targetHints":{"allow":["GET"]}}],"collection":[{"href":"https:\/\/kreftgenomikk.w.uib.no\/no\/wp-json\/wp\/v2\/posts"}],"about":[{"href":"https:\/\/kreftgenomikk.w.uib.no\/no\/wp-json\/wp\/v2\/types\/post"}],"author":[{"embeddable":true,"href":"https:\/\/kreftgenomikk.w.uib.no\/no\/wp-json\/wp\/v2\/users\/4078"}],"replies":[{"embeddable":true,"href":"https:\/\/kreftgenomikk.w.uib.no\/no\/wp-json\/wp\/v2\/comments?post=4342"}],"version-history":[{"count":3,"href":"https:\/\/kreftgenomikk.w.uib.no\/no\/wp-json\/wp\/v2\/posts\/4342\/revisions"}],"predecessor-version":[{"id":5320,"href":"https:\/\/kreftgenomikk.w.uib.no\/no\/wp-json\/wp\/v2\/posts\/4342\/revisions\/5320"}],"wp:featuredmedia":[{"embeddable":true,"href":"https:\/\/kreftgenomikk.w.uib.no\/no\/wp-json\/wp\/v2\/media\/1350"}],"wp:attachment":[{"href":"https:\/\/kreftgenomikk.w.uib.no\/no\/wp-json\/wp\/v2\/media?parent=4342"}],"wp:term":[{"taxonomy":"category","embeddable":true,"href":"https:\/\/kreftgenomikk.w.uib.no\/no\/wp-json\/wp\/v2\/categories?post=4342"},{"taxonomy":"post_tag","embeddable":true,"href":"https:\/\/kreftgenomikk.w.uib.no\/no\/wp-json\/wp\/v2\/tags?post=4342"}],"curies":[{"name":"wp","href":"https:\/\/api.w.org\/{rel}","templated":true}]}}